{"id":759,"date":"2025-11-26T12:07:58","date_gmt":"2025-11-26T11:07:58","guid":{"rendered":"https:\/\/www.hgv-ehningen.de\/?p=759"},"modified":"2025-11-26T12:07:58","modified_gmt":"2025-11-26T11:07:58","slug":"mitgliedernachmittag-am-09-november-2025","status":"publish","type":"post","link":"https:\/\/www.hgv-ehningen.de\/?p=759","title":{"rendered":"Mitgliedernachmittag am 09. November 2025"},"content":{"rendered":"\n<p class=\"has-large-font-size\">\u201eDositza, blo\u00df so dositza\u201c<\/p>\n\n\n\n<p>war das Motto des geselligen Nachmittags, zu welchem der Heimatgeschichtsverein Ehningen seine Mitglieder und G\u00e4ste am Sonntag, den 9. November 2025 in das evangelische Gemeindehaus eingeladen hatte. Zum Abschluss der im Jahr 2025 anl\u00e4sslich des 40 Jahrestages der Vereinsgr\u00fcndung im Jahr 1985 stattgefundenen Jubil\u00e4umsveranstaltungen wurden Gr\u00fcndungsmitglieder und langj\u00e4hrige Mitglieder von der Vorsitzenden Jutta Schie\u00dfler f\u00fcr deren Verdienste f\u00fcr den Heimatgeschichtsverein geb\u00fchrend geehrt.<\/p>\n\n\n\n<figure class=\"wp-block-image size-full\"><a href=\"https:\/\/www.hgv-ehningen.de\/wp-content\/uploads\/2025\/11\/Jubilare_opt.jpg\"><img loading=\"lazy\" decoding=\"async\" width=\"1024\" height=\"687\" src=\"https:\/\/www.hgv-ehningen.de\/wp-content\/uploads\/2025\/11\/Jubilare_opt.jpg\" alt=\"\" class=\"wp-image-754\" srcset=\"https:\/\/www.hgv-ehningen.de\/wp-content\/uploads\/2025\/11\/Jubilare_opt.jpg 1024w, https:\/\/www.hgv-ehningen.de\/wp-content\/uploads\/2025\/11\/Jubilare_opt-300x201.jpg 300w, https:\/\/www.hgv-ehningen.de\/wp-content\/uploads\/2025\/11\/Jubilare_opt-768x515.jpg 768w, https:\/\/www.hgv-ehningen.de\/wp-content\/uploads\/2025\/11\/Jubilare_opt-224x150.jpg 224w, https:\/\/www.hgv-ehningen.de\/wp-content\/uploads\/2025\/11\/Jubilare_opt-150x101.jpg 150w\" sizes=\"auto, (max-width: 1024px) 100vw, 1024px\" \/><\/a><figcaption class=\"wp-element-caption\">Jubilare des Heimatgeschichtsvereins \u2013von links nach rechts:<br>Hedwig K\u00f6nig (40 Jahre), Klaus Neufischer ( 20 Jahre), Vorsitzende Jutta Schie\u00dfler, Fritz Widmann (40 Jahre), Friedericke Schwarzmayer (10 Jahre), Joachim Waegerle, Ruth Hallasch, Doris Franke, Wilhelm Tafel (jeweils 40 Jahre), Ursula Kenntner (30 Jahre), Rudolf Widmann (40 Jahre), Rudi Klein ( 20 Jahre), Sieghardt Dieterich (10 Jahre)<br><br>Nicht auf dem Bild die Jubilare: Hans Heinzmann, Ernst Krohmer, Andrea Peuker, Martin Rathke und Fritz Wintter (40 Jahre), Klaus Kenntner (30 Jahre), Gisela Eschner(10 Jahre)<\/figcaption><\/figure>\n\n\n\n<hr class=\"wp-block-separator has-alpha-channel-opacity is-style-dots\"\/>\n\n\n\n<h3 class=\"wp-block-heading\">Das Rahmenprogramm<\/h3>\n\n\n\n<div class=\"wp-block-media-text is-stacked-on-mobile\"><figure class=\"wp-block-media-text__media\"><img loading=\"lazy\" decoding=\"async\" width=\"1024\" height=\"685\" src=\"https:\/\/www.hgv-ehningen.de\/wp-content\/uploads\/2025\/11\/Kammerchor-und-Clemens-Koenig-b.-Mitgliedernachmittag_opt.jpg\" alt=\"\" class=\"wp-image-755 size-full\" srcset=\"https:\/\/www.hgv-ehningen.de\/wp-content\/uploads\/2025\/11\/Kammerchor-und-Clemens-Koenig-b.-Mitgliedernachmittag_opt.jpg 1024w, https:\/\/www.hgv-ehningen.de\/wp-content\/uploads\/2025\/11\/Kammerchor-und-Clemens-Koenig-b.-Mitgliedernachmittag_opt-300x201.jpg 300w, https:\/\/www.hgv-ehningen.de\/wp-content\/uploads\/2025\/11\/Kammerchor-und-Clemens-Koenig-b.-Mitgliedernachmittag_opt-768x514.jpg 768w, https:\/\/www.hgv-ehningen.de\/wp-content\/uploads\/2025\/11\/Kammerchor-und-Clemens-Koenig-b.-Mitgliedernachmittag_opt-224x150.jpg 224w, https:\/\/www.hgv-ehningen.de\/wp-content\/uploads\/2025\/11\/Kammerchor-und-Clemens-Koenig-b.-Mitgliedernachmittag_opt-150x100.jpg 150w\" sizes=\"auto, (max-width: 1024px) 100vw, 1024px\" \/><\/figure><div class=\"wp-block-media-text__content\">\n<p>Salonatmosph\u00e4re kam auf, als zu Kaffee und Kuchen, Helene Kor\u00f6lus, Diana und Julia Molerowitsch, S\u00e4ngerinnen des Kammerchores B\u00f6blingen, kunstfertig und stimmungsvoll geistliche und weltliche Lieder vortrugen und Clemens K\u00f6nig am Klavier bekannte ins Ohr gehende St\u00fccke spielte.<\/p>\n<\/div><\/div>\n\n\n\n<div class=\"wp-block-media-text alignfull has-media-on-the-right is-stacked-on-mobile is-vertically-aligned-center is-style-default\" style=\"grid-template-columns:auto 37%\"><div class=\"wp-block-media-text__content\">\n<p>Eingehende Kenntnis und Verst\u00e4ndnis der schw\u00e4bischen Sprache verlangte das von Stefan \u00d6sterle vom Wortkino, dein Theater Stuttgart, aufgef\u00fchrte einst\u00fcndige Theaterst\u00fcck \u00fcber den Mundartdichter Friedrich E. Vogt (1905-1995), einem ehemaligen Lehrer des Goldberggymnasiums Sindelfingen. Unter der \u00dcberschrift \u201eschw\u00e4bische Entschleunigung\u201c bot er tiefsinnige Plaudereien, Betrachtungen, Ansichten und philosophische Reflexionen, was manchen Zuh\u00f6rer nachdenklich, aber auch erkenntnisreich zur\u00fcckgelassen haben d\u00fcrfte. Die Bewirtung \u00fcbernahm wie schon bei fr\u00fcheren Veranstaltungen die Klasse 8 a der Friedrich-Kammerer-Gemeinschaftsschule. Die Sch\u00fcler werden den Erl\u00f6s f\u00fcr eine Klassenfahrt verwenden.<\/p>\n<\/div><figure class=\"wp-block-media-text__media\"><img loading=\"lazy\" decoding=\"async\" width=\"1024\" height=\"896\" src=\"https:\/\/www.hgv-ehningen.de\/wp-content\/uploads\/2025\/11\/Schauspieler-Stefan-Oesterle-mit-dem-Theaterstueck-dositza-bloss-so-dositza-von-dein-Theater-Stuttgart_opt.jpg\" alt=\"\" class=\"wp-image-756 size-full\" srcset=\"https:\/\/www.hgv-ehningen.de\/wp-content\/uploads\/2025\/11\/Schauspieler-Stefan-Oesterle-mit-dem-Theaterstueck-dositza-bloss-so-dositza-von-dein-Theater-Stuttgart_opt.jpg 1024w, https:\/\/www.hgv-ehningen.de\/wp-content\/uploads\/2025\/11\/Schauspieler-Stefan-Oesterle-mit-dem-Theaterstueck-dositza-bloss-so-dositza-von-dein-Theater-Stuttgart_opt-300x263.jpg 300w, https:\/\/www.hgv-ehningen.de\/wp-content\/uploads\/2025\/11\/Schauspieler-Stefan-Oesterle-mit-dem-Theaterstueck-dositza-bloss-so-dositza-von-dein-Theater-Stuttgart_opt-768x672.jpg 768w, https:\/\/www.hgv-ehningen.de\/wp-content\/uploads\/2025\/11\/Schauspieler-Stefan-Oesterle-mit-dem-Theaterstueck-dositza-bloss-so-dositza-von-dein-Theater-Stuttgart_opt-171x150.jpg 171w, https:\/\/www.hgv-ehningen.de\/wp-content\/uploads\/2025\/11\/Schauspieler-Stefan-Oesterle-mit-dem-Theaterstueck-dositza-bloss-so-dositza-von-dein-Theater-Stuttgart_opt-150x131.jpg 150w\" sizes=\"auto, (max-width: 1024px) 100vw, 1024px\" \/><\/figure><\/div>\n\n\n\n<p class=\"has-small-font-size\">F\u00fcr den Heimatgeschichtsverein: Karl-Heinz Barth, Schriftf\u00fchrer<\/p>\n\n\n\n<p><\/p>\n","protected":false},"excerpt":{"rendered":"<p>\u201eDositza, blo\u00df so dositza\u201c war das Motto des geselligen Nachmittags, zu welchem der Heimatgeschichtsverein Ehningen seine Mitglieder und G\u00e4ste am Sonntag, den 9. November 2025 in das evangelische Gemeindehaus eingeladen hatte. Zum Abschluss der im Jahr 2025 anl\u00e4sslich des 40 Jahrestages der Vereinsgr\u00fcndung im Jahr 1985 stattgefundenen Jubil\u00e4umsveranstaltungen wurden Gr\u00fcndungsmitglieder\u2026 <a class=\"continue-reading-link\" href=\"https:\/\/www.hgv-ehningen.de\/?p=759\">Continue reading<\/a><\/p>\n","protected":false},"author":4,"featured_media":0,"comment_status":"closed","ping_status":"","sticky":false,"template":"","format":"standard","meta":{"footnotes":""},"categories":[14],"tags":[],"class_list":["post-759","post","type-post","status-publish","format-standard","hentry","category-mitgliederversammlungen"],"_links":{"self":[{"href":"https:\/\/www.hgv-ehningen.de\/index.php?rest_route=\/wp\/v2\/posts\/759","targetHints":{"allow":["GET"]}}],"collection":[{"href":"https:\/\/www.hgv-ehningen.de\/index.php?rest_route=\/wp\/v2\/posts"}],"about":[{"href":"https:\/\/www.hgv-ehningen.de\/index.php?rest_route=\/wp\/v2\/types\/post"}],"author":[{"embeddable":true,"href":"https:\/\/www.hgv-ehningen.de\/index.php?rest_route=\/wp\/v2\/users\/4"}],"replies":[{"embeddable":true,"href":"https:\/\/www.hgv-ehningen.de\/index.php?rest_route=%2Fwp%2Fv2%2Fcomments&post=759"}],"version-history":[{"count":7,"href":"https:\/\/www.hgv-ehningen.de\/index.php?rest_route=\/wp\/v2\/posts\/759\/revisions"}],"predecessor-version":[{"id":766,"href":"https:\/\/www.hgv-ehningen.de\/index.php?rest_route=\/wp\/v2\/posts\/759\/revisions\/766"}],"wp:attachment":[{"href":"https:\/\/www.hgv-ehningen.de\/index.php?rest_route=%2Fwp%2Fv2%2Fmedia&parent=759"}],"wp:term":[{"taxonomy":"category","embeddable":true,"href":"https:\/\/www.hgv-ehningen.de\/index.php?rest_route=%2Fwp%2Fv2%2Fcategories&post=759"},{"taxonomy":"post_tag","embeddable":true,"href":"https:\/\/www.hgv-ehningen.de\/index.php?rest_route=%2Fwp%2Fv2%2Ftags&post=759"}],"curies":[{"name":"wp","href":"https:\/\/api.w.org\/{rel}","templated":true}]}}