{"id":734,"date":"2025-09-30T17:01:28","date_gmt":"2025-09-30T15:01:28","guid":{"rendered":"https:\/\/www.hgv-ehningen.de\/?p=734"},"modified":"2025-09-30T17:01:28","modified_gmt":"2025-09-30T15:01:28","slug":"bericht-zur-mitgliederversammlung-vom-12-september-2025","status":"publish","type":"post","link":"https:\/\/www.hgv-ehningen.de\/?p=734","title":{"rendered":"Bericht zur Mitgliederversammlung vom 12. September 2025"},"content":{"rendered":"\n<p>Nach der Begr\u00fc\u00dfung durch die amtierende Vorsitzende Jutta Schie\u00dfler \u00fcberbrachte der zweite stellvertretende B\u00fcrgermeister Manuel Benda die Gr\u00fc\u00dfe der Gemeindeverwaltung und deren Dank f\u00fcr die heimatgeschichtliche Arbeit des Vereins. Betont anerkennend z\u00e4hlte Herr Benda insbesondere die Veranstaltungen des Vereins auf, zu denen die Einwohner der Gemeinde eingeladen waren und bei welchen an geschichtliche Ereignisse Ehningens erinnert wurde, so unter anderem die Mitgestaltung des erweiterten Ortsrundganges, die Sicherung eines Erinnerungsst\u00fcckes der Eisenbahnbr\u00fccke \u00fcber das W\u00fcrmtal, die Ortsrundg\u00e4nge mit Sch\u00fclern der Friedrich-Kammerer-Schule und die Teilnahme des Vereins am Familienfest und am Sommerferienprogramm. Er sagte zu, die Gemeinde werde weiterhin die Vereine unterst\u00fctzen und zeigte sich erfreut dar\u00fcber, dass die Fron\u00e4ckerschule entgegen zwischenzeitlicher \u00dcberlegungen zur Verwendung f\u00fcr die Kinderbetreuung der Nutzung durch die Vereine erhalten bleibt.<\/p>\n\n\n\n<p>Jutta Schie\u00dfler gab einen umfassenden R\u00fcckblick zu den Vereinsaktivit\u00e4ten seit Beginn des Jahres 2024 sowie einen Ausblick auf schon konkret terminierte und geplante Veranstaltungen. Die Wahlen zur Vereinsf\u00fchrung brachten folgendes Ergebnis. Vorsitzende des Vereins ist Jutta Schie\u00dfler, Kassiererin Martina Widmann-Leuprecht, Schriftf\u00fchrer Karl-Heinz Barth. Ausschussmitglieder sind Martin Frenzel, der die Aufgabe des Internetbeauftragten \u00fcbernimmt, sowie J\u00fcrgen Kilb und Heinz M\u00fcller. Kassenpr\u00fcfer sind Fritz Kempf und Rudolf Widmann. Aus der Vereinsf\u00fchrung verabschiedet wurde Heinrich Eng.<\/p>\n\n\n\n<p>Karl-Heinz Barth, Schriftf\u00fchrer<\/p>\n\n\n<div class=\"wp-block-image\">\n<figure class=\"aligncenter size-large is-resized\"><a href=\"https:\/\/www.hgv-ehningen.de\/wp-content\/uploads\/2025\/09\/1_Manuel-Benda-begruesst-die-Anwesenden-scaled.jpg\"><img loading=\"lazy\" decoding=\"async\" width=\"1024\" height=\"683\" src=\"https:\/\/www.hgv-ehningen.de\/wp-content\/uploads\/2025\/09\/1_Manuel-Benda-begruesst-die-Anwesenden-1024x683.jpg\" alt=\"\" class=\"wp-image-735\" style=\"width:767px;height:auto\" srcset=\"https:\/\/www.hgv-ehningen.de\/wp-content\/uploads\/2025\/09\/1_Manuel-Benda-begruesst-die-Anwesenden-1024x683.jpg 1024w, https:\/\/www.hgv-ehningen.de\/wp-content\/uploads\/2025\/09\/1_Manuel-Benda-begruesst-die-Anwesenden-300x200.jpg 300w, https:\/\/www.hgv-ehningen.de\/wp-content\/uploads\/2025\/09\/1_Manuel-Benda-begruesst-die-Anwesenden-768x512.jpg 768w, https:\/\/www.hgv-ehningen.de\/wp-content\/uploads\/2025\/09\/1_Manuel-Benda-begruesst-die-Anwesenden-1536x1024.jpg 1536w, https:\/\/www.hgv-ehningen.de\/wp-content\/uploads\/2025\/09\/1_Manuel-Benda-begruesst-die-Anwesenden-2048x1366.jpg 2048w, https:\/\/www.hgv-ehningen.de\/wp-content\/uploads\/2025\/09\/1_Manuel-Benda-begruesst-die-Anwesenden-225x150.jpg 225w, https:\/\/www.hgv-ehningen.de\/wp-content\/uploads\/2025\/09\/1_Manuel-Benda-begruesst-die-Anwesenden-150x100.jpg 150w\" sizes=\"auto, (max-width: 1024px) 100vw, 1024px\" \/><\/a><figcaption class=\"wp-element-caption\">Manuel Benda begr\u00fc\u00dft die Anwesenden<\/figcaption><\/figure>\n<\/div>\n\n\n<p> <\/p>\n\n\n<div class=\"wp-block-image\">\n<figure class=\"aligncenter size-large is-resized\"><a href=\"https:\/\/www.hgv-ehningen.de\/wp-content\/uploads\/2025\/09\/3-Jutta-Schiessler-bedankt-sich-bei-Heinrich-Eng-fuer-seine-wertvolle-Arbeit-scaled.jpg\"><img loading=\"lazy\" decoding=\"async\" width=\"1024\" height=\"689\" src=\"https:\/\/www.hgv-ehningen.de\/wp-content\/uploads\/2025\/09\/3-Jutta-Schiessler-bedankt-sich-bei-Heinrich-Eng-fuer-seine-wertvolle-Arbeit-1024x689.jpg\" alt=\"\" class=\"wp-image-736\" style=\"width:765px;height:auto\" srcset=\"https:\/\/www.hgv-ehningen.de\/wp-content\/uploads\/2025\/09\/3-Jutta-Schiessler-bedankt-sich-bei-Heinrich-Eng-fuer-seine-wertvolle-Arbeit-1024x689.jpg 1024w, https:\/\/www.hgv-ehningen.de\/wp-content\/uploads\/2025\/09\/3-Jutta-Schiessler-bedankt-sich-bei-Heinrich-Eng-fuer-seine-wertvolle-Arbeit-300x202.jpg 300w, https:\/\/www.hgv-ehningen.de\/wp-content\/uploads\/2025\/09\/3-Jutta-Schiessler-bedankt-sich-bei-Heinrich-Eng-fuer-seine-wertvolle-Arbeit-768x517.jpg 768w, https:\/\/www.hgv-ehningen.de\/wp-content\/uploads\/2025\/09\/3-Jutta-Schiessler-bedankt-sich-bei-Heinrich-Eng-fuer-seine-wertvolle-Arbeit-1536x1034.jpg 1536w, https:\/\/www.hgv-ehningen.de\/wp-content\/uploads\/2025\/09\/3-Jutta-Schiessler-bedankt-sich-bei-Heinrich-Eng-fuer-seine-wertvolle-Arbeit-2048x1378.jpg 2048w, https:\/\/www.hgv-ehningen.de\/wp-content\/uploads\/2025\/09\/3-Jutta-Schiessler-bedankt-sich-bei-Heinrich-Eng-fuer-seine-wertvolle-Arbeit-223x150.jpg 223w, https:\/\/www.hgv-ehningen.de\/wp-content\/uploads\/2025\/09\/3-Jutta-Schiessler-bedankt-sich-bei-Heinrich-Eng-fuer-seine-wertvolle-Arbeit-150x101.jpg 150w\" sizes=\"auto, (max-width: 1024px) 100vw, 1024px\" \/><\/a><figcaption class=\"wp-element-caption\">Jutta Schie\u00dfler bedankt sich bei Heinrich Eng f\u00fcr seine wertvolle Arbeit<\/figcaption><\/figure>\n<\/div>\n\n\n<p> <\/p>\n\n\n<div class=\"wp-block-image\">\n<figure class=\"aligncenter size-large is-resized\"><a href=\"https:\/\/www.hgv-ehningen.de\/wp-content\/uploads\/2025\/09\/4-Der-neu-gewaehlte-Vorstand-des-Heimatgeschichtsvereins-es-fehlt-Martin-Frenzel-scaled.jpg\"><img loading=\"lazy\" decoding=\"async\" width=\"1024\" height=\"565\" src=\"https:\/\/www.hgv-ehningen.de\/wp-content\/uploads\/2025\/09\/4-Der-neu-gewaehlte-Vorstand-des-Heimatgeschichtsvereins-es-fehlt-Martin-Frenzel-1024x565.jpg\" alt=\"\" class=\"wp-image-737\" style=\"width:763px;height:auto\" srcset=\"https:\/\/www.hgv-ehningen.de\/wp-content\/uploads\/2025\/09\/4-Der-neu-gewaehlte-Vorstand-des-Heimatgeschichtsvereins-es-fehlt-Martin-Frenzel-1024x565.jpg 1024w, https:\/\/www.hgv-ehningen.de\/wp-content\/uploads\/2025\/09\/4-Der-neu-gewaehlte-Vorstand-des-Heimatgeschichtsvereins-es-fehlt-Martin-Frenzel-300x166.jpg 300w, https:\/\/www.hgv-ehningen.de\/wp-content\/uploads\/2025\/09\/4-Der-neu-gewaehlte-Vorstand-des-Heimatgeschichtsvereins-es-fehlt-Martin-Frenzel-768x424.jpg 768w, https:\/\/www.hgv-ehningen.de\/wp-content\/uploads\/2025\/09\/4-Der-neu-gewaehlte-Vorstand-des-Heimatgeschichtsvereins-es-fehlt-Martin-Frenzel-1536x848.jpg 1536w, https:\/\/www.hgv-ehningen.de\/wp-content\/uploads\/2025\/09\/4-Der-neu-gewaehlte-Vorstand-des-Heimatgeschichtsvereins-es-fehlt-Martin-Frenzel-2048x1131.jpg 2048w, https:\/\/www.hgv-ehningen.de\/wp-content\/uploads\/2025\/09\/4-Der-neu-gewaehlte-Vorstand-des-Heimatgeschichtsvereins-es-fehlt-Martin-Frenzel-250x138.jpg 250w, https:\/\/www.hgv-ehningen.de\/wp-content\/uploads\/2025\/09\/4-Der-neu-gewaehlte-Vorstand-des-Heimatgeschichtsvereins-es-fehlt-Martin-Frenzel-150x83.jpg 150w\" sizes=\"auto, (max-width: 1024px) 100vw, 1024px\" \/><\/a><figcaption class=\"wp-element-caption\">Der neu gew\u00e4hlte Vorstand des Heimatgeschichtsvereins, es fehlt Martin Frenzel<\/figcaption><\/figure>\n<\/div>\n\n\n<p><\/p>\n","protected":false},"excerpt":{"rendered":"<p>Nach der Begr\u00fc\u00dfung durch die amtierende Vorsitzende Jutta Schie\u00dfler \u00fcberbrachte der zweite stellvertretende B\u00fcrgermeister Manuel Benda die Gr\u00fc\u00dfe der Gemeindeverwaltung und deren Dank f\u00fcr die heimatgeschichtliche Arbeit des Vereins. Betont anerkennend z\u00e4hlte Herr Benda insbesondere die Veranstaltungen des Vereins auf, zu denen die Einwohner der Gemeinde eingeladen waren und bei\u2026 <a class=\"continue-reading-link\" href=\"https:\/\/www.hgv-ehningen.de\/?p=734\">Continue reading<\/a><\/p>\n","protected":false},"author":4,"featured_media":0,"comment_status":"closed","ping_status":"","sticky":false,"template":"","format":"standard","meta":{"footnotes":""},"categories":[14],"tags":[],"class_list":["post-734","post","type-post","status-publish","format-standard","hentry","category-mitgliederversammlungen"],"_links":{"self":[{"href":"https:\/\/www.hgv-ehningen.de\/index.php?rest_route=\/wp\/v2\/posts\/734","targetHints":{"allow":["GET"]}}],"collection":[{"href":"https:\/\/www.hgv-ehningen.de\/index.php?rest_route=\/wp\/v2\/posts"}],"about":[{"href":"https:\/\/www.hgv-ehningen.de\/index.php?rest_route=\/wp\/v2\/types\/post"}],"author":[{"embeddable":true,"href":"https:\/\/www.hgv-ehningen.de\/index.php?rest_route=\/wp\/v2\/users\/4"}],"replies":[{"embeddable":true,"href":"https:\/\/www.hgv-ehningen.de\/index.php?rest_route=%2Fwp%2Fv2%2Fcomments&post=734"}],"version-history":[{"count":4,"href":"https:\/\/www.hgv-ehningen.de\/index.php?rest_route=\/wp\/v2\/posts\/734\/revisions"}],"predecessor-version":[{"id":741,"href":"https:\/\/www.hgv-ehningen.de\/index.php?rest_route=\/wp\/v2\/posts\/734\/revisions\/741"}],"wp:attachment":[{"href":"https:\/\/www.hgv-ehningen.de\/index.php?rest_route=%2Fwp%2Fv2%2Fmedia&parent=734"}],"wp:term":[{"taxonomy":"category","embeddable":true,"href":"https:\/\/www.hgv-ehningen.de\/index.php?rest_route=%2Fwp%2Fv2%2Fcategories&post=734"},{"taxonomy":"post_tag","embeddable":true,"href":"https:\/\/www.hgv-ehningen.de\/index.php?rest_route=%2Fwp%2Fv2%2Ftags&post=734"}],"curies":[{"name":"wp","href":"https:\/\/api.w.org\/{rel}","templated":true}]}}