{"id":697,"date":"2025-09-01T00:40:32","date_gmt":"2025-08-31T22:40:32","guid":{"rendered":"https:\/\/www.hgv-ehningen.de\/?p=697"},"modified":"2025-09-01T00:42:31","modified_gmt":"2025-08-31T22:42:31","slug":"einladung-zur-jahreshauptversammlung-2025","status":"publish","type":"post","link":"https:\/\/www.hgv-ehningen.de\/?p=697","title":{"rendered":"Einladung zur Jahreshauptversammlung 2025"},"content":{"rendered":"<p>Die Jahreshauptversammlung<b>&nbsp;<\/b>des Heimatgeschichtsvereins findet<\/p>\n<p><b>am Freitag, 12.09.2025, um 19:30 Uhr in der G\u00e4sslesstube im Haus am Pfarrgarten&nbsp;<\/b>statt.<\/p>\n<p>Hierzu laden wir alle Mitglieder, Ehrenmitglieder, Freunde, F\u00f6rderer und heimatgeschichtlich Interessierte herzlich ein.<\/p>\n<p><b>Tagesordnung f\u00fcr die Hauptversammlung:<\/b><\/p>\n<ol>\n<li>Begr\u00fc\u00dfung<\/li>\n<li>Berichte<\/li>\n<\/ol>\n<ul>\n<li>zweite Vorsitzende<\/li>\n<li>Kassier<\/li>\n<li>Kassenpr\u00fcfer<\/li>\n<\/ul>\n<ol start=\"3\">\n<li>Entlastungen<\/li>\n<li>Neuwahlen<\/li>\n<li>Ausblick und Planung 2025\/2026<\/li>\n<li>Verschiedenes<\/li>\n<\/ol>\n<p>Antr\u00e4ge zur Tagesordnung k\u00f6nnen bis sp\u00e4testens Donnerstag, 11.09.2025 bei der 2.Vorsitzenden schriftlich eingereicht werden.<\/p>\n<p>F\u00fcr den Heimatgeschichtsverein Ehningen,<\/p>\n<p>Jutta Schie\u00dfler, 2. Vorsitzende<\/p>\n","protected":false},"excerpt":{"rendered":"<p>Die Jahreshauptversammlung&nbsp;des Heimatgeschichtsvereins findet am Freitag, 12.09.2025, um 19:30 Uhr in der G\u00e4sslesstube im Haus am Pfarrgarten&nbsp;statt. Hierzu laden wir alle Mitglieder, Ehrenmitglieder, Freunde, F\u00f6rderer und heimatgeschichtlich Interessierte herzlich ein. Tagesordnung f\u00fcr die Hauptversammlung: Begr\u00fc\u00dfung Berichte zweite Vorsitzende Kassier Kassenpr\u00fcfer Entlastungen Neuwahlen Ausblick und Planung 2025\/2026 Verschiedenes Antr\u00e4ge zur Tagesordnung\u2026 <a class=\"continue-reading-link\" href=\"https:\/\/www.hgv-ehningen.de\/?p=697\">Continue reading<\/a><\/p>\n","protected":false},"author":1,"featured_media":0,"comment_status":"closed","ping_status":"closed","sticky":false,"template":"","format":"standard","meta":{"footnotes":""},"categories":[14],"tags":[],"class_list":["post-697","post","type-post","status-publish","format-standard","hentry","category-mitgliederversammlungen"],"_links":{"self":[{"href":"https:\/\/www.hgv-ehningen.de\/index.php?rest_route=\/wp\/v2\/posts\/697","targetHints":{"allow":["GET"]}}],"collection":[{"href":"https:\/\/www.hgv-ehningen.de\/index.php?rest_route=\/wp\/v2\/posts"}],"about":[{"href":"https:\/\/www.hgv-ehningen.de\/index.php?rest_route=\/wp\/v2\/types\/post"}],"author":[{"embeddable":true,"href":"https:\/\/www.hgv-ehningen.de\/index.php?rest_route=\/wp\/v2\/users\/1"}],"replies":[{"embeddable":true,"href":"https:\/\/www.hgv-ehningen.de\/index.php?rest_route=%2Fwp%2Fv2%2Fcomments&post=697"}],"version-history":[{"count":1,"href":"https:\/\/www.hgv-ehningen.de\/index.php?rest_route=\/wp\/v2\/posts\/697\/revisions"}],"predecessor-version":[{"id":698,"href":"https:\/\/www.hgv-ehningen.de\/index.php?rest_route=\/wp\/v2\/posts\/697\/revisions\/698"}],"wp:attachment":[{"href":"https:\/\/www.hgv-ehningen.de\/index.php?rest_route=%2Fwp%2Fv2%2Fmedia&parent=697"}],"wp:term":[{"taxonomy":"category","embeddable":true,"href":"https:\/\/www.hgv-ehningen.de\/index.php?rest_route=%2Fwp%2Fv2%2Fcategories&post=697"},{"taxonomy":"post_tag","embeddable":true,"href":"https:\/\/www.hgv-ehningen.de\/index.php?rest_route=%2Fwp%2Fv2%2Ftags&post=697"}],"curies":[{"name":"wp","href":"https:\/\/api.w.org\/{rel}","templated":true}]}}