{"id":650,"date":"2025-06-05T18:22:48","date_gmt":"2025-06-05T16:22:48","guid":{"rendered":"https:\/\/www.hgv-ehningen.de\/?p=650"},"modified":"2025-06-05T19:47:25","modified_gmt":"2025-06-05T17:47:25","slug":"festakt-anlaesslich-des-40jaehrigen-jubilaeums-des-heimatgeschichtsvereins","status":"publish","type":"post","link":"https:\/\/www.hgv-ehningen.de\/?p=650","title":{"rendered":"Festakt anl\u00e4sslich des 40j\u00e4hrigen Jubil\u00e4ums des Heimatgeschichtsvereins"},"content":{"rendered":"<p>Mit gro\u00dfer Freude \u00fcber das Erscheinen von rund 120 G\u00e4sten konnte die gesch\u00e4ftsf\u00fchrende Vereinsvorsitzende Jutta Schie\u00dfler am Freitag, den 16. Mai 2025 den Festakt zum 40j\u00e4hrigen Jubil\u00e4um der Gr\u00fcndung des Heimatgeschichtsvereins Ehningen beginnen, zeigt dieser Zuspruch doch deutlich, dass Heimatgeschichte ein aktuelles Thema ist. Der Heimatgeschichtsverein Ehningen hat es verstanden \u00fcber die Jahre durch zahlreiche Veranstaltungen die Heimatgeschichte lebendig zu halten.<\/p>\n<p>B\u00fcrgermeister Lukas Rosengr\u00fcn hob in seinem Gru\u00dfwort die Bedeutung geschichtlicher Kenntnis \u00fcber die Gemeinde und deren Einfluss auch auf heutige Entscheidungen hervor. Er w\u00fcnschte dem Verein auch weiterhin im kulturellen Leben Ehningens pr\u00e4sent zu sein.<\/p>\n<p>Hans Heinzmann, B\u00fcrgermeister von Ehningen von 1980 bis 2004 erinnerte als Gr\u00fcndungsmitglied an die Anf\u00e4nge des Vereins. Anl\u00e4sslich der 800 Jahrfeier im Jahr 1985 der ersten urkundlichen Erw\u00e4hnung der Gemeinde bestand damals der Wunsch ein Forum zu schaffen, in welchem heimatgeschichtliche Themen bearbeitet werden. So entstand im Nachgang zu einer bereits vorhandenen Ortschronik durch ma\u00dfgebliche Beteiligung des Vereins mit finanzieller Unterst\u00fctzung der Gemeinde zu zahlreichen Aspekten der Ehninger Geschichte eine Schriftenreihe, die als Nachschlagewerk jederzeit hilfreich ist.<\/p>\n<p>Frau Dr. Nicole Bickhoff, Vorsitzende des W\u00fcrttembergischen Geschichts- und Altertumsvereins, schilderte in ihrem Gru\u00dfwort die Geschichte und die Aufgabe ihres Vereins.<\/p>\n<p>&nbsp;Ziel sei es, die Menschen f\u00fcr die Geschichte des Landes und der Region zu interessieren, ihnen das heimatliche Kulturgut nahezubringen und sie f\u00fcr den Erhalt des kulturellen Erbes zu sensibilisieren. Der Verein, bei welchem der Heimatgeschichtsverein Ehningen auch Mitglied ist, gibt wertvolle Hinweise f\u00fcr die Vereinsarbeit.<\/p>\n<p>In seinem Festvortrag zum Thema \u201eDie W\u00fcrmtal-Viadukte\u201c spannte Herr Ulrich Boeyng, pensionierter Denkmalpfleger, einen weiten Br\u00fcckenbogen zur Entwicklung des w\u00fcrttembergischen und badischen Eisenbahnwesens etwa ab dem Jahr 1825 bis zur derzeit h\u00f6chst aktuellen Frage der zuk\u00fcnftigen Anbindung der G\u00e4ubahn an den neuen Stuttgarter Tiefbahnhof. Detailliert befasste sich der Vortrag mit der Bauweise von Holz- und Metallbr\u00fccken, so etwa mit Fragen der Verstrebungen zur statischen Sicherheit. Anregend waren auch Lichtbilder zum Bau der Ehninger Eisenbahnbr\u00fccke \u00fcber das W\u00fcrmtal.<\/p>\n<p>H\u00f6chst gekonnt und gelungen wurde die Festveranstaltung von Sch\u00fclerinnen und Sch\u00fclern der Musikschule B\u00f6blingen bereichert. F\u00fcr die musikalischen Vortr\u00e4ge gab es langen anerkennenden Applaus.<\/p>\n<p>Frau Schie\u00dfler bedankte sich bei allen Mitwirkenden f\u00fcr die ehrenden wie auch anspornenden Beitr\u00e4ge und beendete den Festakt mit freudiger Zuversicht f\u00fcr die kommenden Jahre des Heimatgeschichtsvereins Ehningen.&nbsp;<\/p>\n<p>F\u00fcr den Heimatgeschichtsverein Ehningen<\/p>\n<p>Karl-Heinz Barth, Schriftf\u00fchrer<\/p>\n<p>&nbsp;<\/p>\n<p><a href=\"https:\/\/www.hgv-ehningen.de\/wp-content\/uploads\/2025\/06\/Jutta-Schiessler-begruesst-die-zahlreichen-Gaeste-scaled.jpg\"><img loading=\"lazy\" decoding=\"async\" class=\" wp-image-659 aligncenter\" src=\"https:\/\/www.hgv-ehningen.de\/wp-content\/uploads\/2025\/06\/Jutta-Schiessler-begruesst-die-zahlreichen-Gaeste-300x256.jpg\" alt=\"\" width=\"376\" height=\"321\" srcset=\"https:\/\/www.hgv-ehningen.de\/wp-content\/uploads\/2025\/06\/Jutta-Schiessler-begruesst-die-zahlreichen-Gaeste-300x256.jpg 300w, https:\/\/www.hgv-ehningen.de\/wp-content\/uploads\/2025\/06\/Jutta-Schiessler-begruesst-die-zahlreichen-Gaeste-1024x875.jpg 1024w, https:\/\/www.hgv-ehningen.de\/wp-content\/uploads\/2025\/06\/Jutta-Schiessler-begruesst-die-zahlreichen-Gaeste-768x657.jpg 768w, https:\/\/www.hgv-ehningen.de\/wp-content\/uploads\/2025\/06\/Jutta-Schiessler-begruesst-die-zahlreichen-Gaeste-1536x1313.jpg 1536w, https:\/\/www.hgv-ehningen.de\/wp-content\/uploads\/2025\/06\/Jutta-Schiessler-begruesst-die-zahlreichen-Gaeste-2048x1751.jpg 2048w, https:\/\/www.hgv-ehningen.de\/wp-content\/uploads\/2025\/06\/Jutta-Schiessler-begruesst-die-zahlreichen-Gaeste-175x150.jpg 175w, https:\/\/www.hgv-ehningen.de\/wp-content\/uploads\/2025\/06\/Jutta-Schiessler-begruesst-die-zahlreichen-Gaeste-150x128.jpg 150w\" sizes=\"auto, (max-width: 376px) 100vw, 376px\" \/><\/a>&nbsp;<\/p>\n<p>&nbsp; &nbsp; &nbsp; &nbsp; &nbsp; &nbsp; &nbsp; &nbsp; &nbsp; &nbsp; &nbsp; &nbsp; &nbsp; &nbsp; &nbsp; &nbsp; &nbsp; &nbsp; &nbsp; &nbsp; &nbsp; &nbsp; &nbsp; &nbsp; &nbsp; <strong>Jutta Schie\u00dfler begr\u00fc\u00dft die zahlreichen G\u00e4ste<\/strong><\/p>\n<p>&nbsp;<\/p>\n<p><a href=\"https:\/\/www.hgv-ehningen.de\/wp-content\/uploads\/2025\/06\/Herr-Boeyng-bei-seinem-Festvortag-ueber-die-Wuermtal-Viadukte-scaled.jpg\"><img loading=\"lazy\" decoding=\"async\" class=\" wp-image-660 aligncenter\" src=\"https:\/\/www.hgv-ehningen.de\/wp-content\/uploads\/2025\/06\/Herr-Boeyng-bei-seinem-Festvortag-ueber-die-Wuermtal-Viadukte-300x201.jpg\" alt=\"\" width=\"379\" height=\"254\" srcset=\"https:\/\/www.hgv-ehningen.de\/wp-content\/uploads\/2025\/06\/Herr-Boeyng-bei-seinem-Festvortag-ueber-die-Wuermtal-Viadukte-300x201.jpg 300w, https:\/\/www.hgv-ehningen.de\/wp-content\/uploads\/2025\/06\/Herr-Boeyng-bei-seinem-Festvortag-ueber-die-Wuermtal-Viadukte-1024x687.jpg 1024w, https:\/\/www.hgv-ehningen.de\/wp-content\/uploads\/2025\/06\/Herr-Boeyng-bei-seinem-Festvortag-ueber-die-Wuermtal-Viadukte-768x515.jpg 768w, https:\/\/www.hgv-ehningen.de\/wp-content\/uploads\/2025\/06\/Herr-Boeyng-bei-seinem-Festvortag-ueber-die-Wuermtal-Viadukte-1536x1031.jpg 1536w, https:\/\/www.hgv-ehningen.de\/wp-content\/uploads\/2025\/06\/Herr-Boeyng-bei-seinem-Festvortag-ueber-die-Wuermtal-Viadukte-2048x1375.jpg 2048w, https:\/\/www.hgv-ehningen.de\/wp-content\/uploads\/2025\/06\/Herr-Boeyng-bei-seinem-Festvortag-ueber-die-Wuermtal-Viadukte-223x150.jpg 223w, https:\/\/www.hgv-ehningen.de\/wp-content\/uploads\/2025\/06\/Herr-Boeyng-bei-seinem-Festvortag-ueber-die-Wuermtal-Viadukte-150x101.jpg 150w\" sizes=\"auto, (max-width: 379px) 100vw, 379px\" \/><\/a><\/p>\n<p>&nbsp; &nbsp; &nbsp; &nbsp; &nbsp; &nbsp; &nbsp; &nbsp; &nbsp; &nbsp; &nbsp; &nbsp; &nbsp; &nbsp; &nbsp; &nbsp; &nbsp; &nbsp; &nbsp; &nbsp; &nbsp; &nbsp; &nbsp; &nbsp; &nbsp; <strong>Herr Boeyng bei seinem Festvortag \u00fcber die W\u00fcrmtal-Viadukte<\/strong><\/p>\n<p>&nbsp;<\/p>\n<p><a href=\"https:\/\/www.hgv-ehningen.de\/wp-content\/uploads\/2025\/06\/Die-Schuelerinnen-und-Schueler-der-Musikschuke-Boeblingen-mit-ihrer-Lehrerin-scaled.jpg\"><img loading=\"lazy\" decoding=\"async\" class=\" wp-image-661 aligncenter\" src=\"https:\/\/www.hgv-ehningen.de\/wp-content\/uploads\/2025\/06\/Die-Schuelerinnen-und-Schueler-der-Musikschuke-Boeblingen-mit-ihrer-Lehrerin-300x271.jpg\" alt=\"\" width=\"385\" height=\"348\" srcset=\"https:\/\/www.hgv-ehningen.de\/wp-content\/uploads\/2025\/06\/Die-Schuelerinnen-und-Schueler-der-Musikschuke-Boeblingen-mit-ihrer-Lehrerin-300x271.jpg 300w, https:\/\/www.hgv-ehningen.de\/wp-content\/uploads\/2025\/06\/Die-Schuelerinnen-und-Schueler-der-Musikschuke-Boeblingen-mit-ihrer-Lehrerin-1024x924.jpg 1024w, https:\/\/www.hgv-ehningen.de\/wp-content\/uploads\/2025\/06\/Die-Schuelerinnen-und-Schueler-der-Musikschuke-Boeblingen-mit-ihrer-Lehrerin-768x693.jpg 768w, https:\/\/www.hgv-ehningen.de\/wp-content\/uploads\/2025\/06\/Die-Schuelerinnen-und-Schueler-der-Musikschuke-Boeblingen-mit-ihrer-Lehrerin-1536x1386.jpg 1536w, https:\/\/www.hgv-ehningen.de\/wp-content\/uploads\/2025\/06\/Die-Schuelerinnen-und-Schueler-der-Musikschuke-Boeblingen-mit-ihrer-Lehrerin-2048x1848.jpg 2048w, https:\/\/www.hgv-ehningen.de\/wp-content\/uploads\/2025\/06\/Die-Schuelerinnen-und-Schueler-der-Musikschuke-Boeblingen-mit-ihrer-Lehrerin-166x150.jpg 166w, https:\/\/www.hgv-ehningen.de\/wp-content\/uploads\/2025\/06\/Die-Schuelerinnen-und-Schueler-der-Musikschuke-Boeblingen-mit-ihrer-Lehrerin-150x135.jpg 150w\" sizes=\"auto, (max-width: 385px) 100vw, 385px\" \/><\/a><\/p>\n<p><strong>&nbsp; &nbsp; &nbsp; &nbsp; &nbsp; &nbsp; &nbsp; &nbsp; &nbsp; &nbsp; &nbsp; &nbsp; &nbsp; &nbsp; &nbsp; &nbsp;Die Sch\u00fclerinnen und Sch\u00fcler der Musikschuke B\u00f6blingen mit ihrer <\/strong><strong>Lehrerin<\/strong><\/p>\n","protected":false},"excerpt":{"rendered":"<p>Mit gro\u00dfer Freude \u00fcber das Erscheinen von rund 120 G\u00e4sten konnte die gesch\u00e4ftsf\u00fchrende Vereinsvorsitzende Jutta Schie\u00dfler am Freitag, den 16. Mai 2025 den Festakt zum 40j\u00e4hrigen Jubil\u00e4um der Gr\u00fcndung des Heimatgeschichtsvereins Ehningen beginnen, zeigt dieser Zuspruch doch deutlich, dass Heimatgeschichte ein aktuelles Thema ist. Der Heimatgeschichtsverein Ehningen hat es verstanden\u2026 <a class=\"continue-reading-link\" href=\"https:\/\/www.hgv-ehningen.de\/?p=650\">Continue reading<\/a><\/p>\n","protected":false},"author":1,"featured_media":0,"comment_status":"closed","ping_status":"closed","sticky":false,"template":"","format":"standard","meta":{"footnotes":""},"categories":[16],"tags":[],"class_list":["post-650","post","type-post","status-publish","format-standard","hentry","category-veranstaltungen-ausfluege"],"_links":{"self":[{"href":"https:\/\/www.hgv-ehningen.de\/index.php?rest_route=\/wp\/v2\/posts\/650","targetHints":{"allow":["GET"]}}],"collection":[{"href":"https:\/\/www.hgv-ehningen.de\/index.php?rest_route=\/wp\/v2\/posts"}],"about":[{"href":"https:\/\/www.hgv-ehningen.de\/index.php?rest_route=\/wp\/v2\/types\/post"}],"author":[{"embeddable":true,"href":"https:\/\/www.hgv-ehningen.de\/index.php?rest_route=\/wp\/v2\/users\/1"}],"replies":[{"embeddable":true,"href":"https:\/\/www.hgv-ehningen.de\/index.php?rest_route=%2Fwp%2Fv2%2Fcomments&post=650"}],"version-history":[{"count":9,"href":"https:\/\/www.hgv-ehningen.de\/index.php?rest_route=\/wp\/v2\/posts\/650\/revisions"}],"predecessor-version":[{"id":669,"href":"https:\/\/www.hgv-ehningen.de\/index.php?rest_route=\/wp\/v2\/posts\/650\/revisions\/669"}],"wp:attachment":[{"href":"https:\/\/www.hgv-ehningen.de\/index.php?rest_route=%2Fwp%2Fv2%2Fmedia&parent=650"}],"wp:term":[{"taxonomy":"category","embeddable":true,"href":"https:\/\/www.hgv-ehningen.de\/index.php?rest_route=%2Fwp%2Fv2%2Fcategories&post=650"},{"taxonomy":"post_tag","embeddable":true,"href":"https:\/\/www.hgv-ehningen.de\/index.php?rest_route=%2Fwp%2Fv2%2Ftags&post=650"}],"curies":[{"name":"wp","href":"https:\/\/api.w.org\/{rel}","templated":true}]}}