{"id":647,"date":"2025-06-05T18:15:41","date_gmt":"2025-06-05T16:15:41","guid":{"rendered":"https:\/\/www.hgv-ehningen.de\/?p=647"},"modified":"2025-06-05T19:19:56","modified_gmt":"2025-06-05T17:19:56","slug":"ausflug-am-6-4-2025-zum-landesmuseum","status":"publish","type":"post","link":"https:\/\/www.hgv-ehningen.de\/?p=647","title":{"rendered":"Ausflug am 6. 4.2025 zum Landesmuseum"},"content":{"rendered":"<p><span style=\"font-family: Verdana, serif;\"><span style=\"font-size: small;\"><b>Ehninger Heimatgeschichtsverein zu Besuch bei<\/b><\/span><\/span><em><span style=\"font-family: Verdana, serif;\"><span style=\"font-size: small;\"><b> der Erlebnisausstellung Protest! <\/b><\/span><\/span><\/em><\/p>\n<p><span style=\"font-family: Verdana, serif;\"><span style=\"font-size: small;\">20 interessierte Ehningerinnen und Ehninger sind der Einladung des Heimatgeschichtsvereins, zum Besuch der Erlebnisausstellung <\/span><\/span><\/p>\n<p>\u201e<span style=\"font-family: Verdana, serif;\">PROTEST! Von der Wut zur Bewegung\u201c im<\/span><span style=\"font-family: Verdana, serif;\"><span style=\"font-size: small;\"> Landesmuseum Stuttgart gefolgt. <\/span><\/span><\/p>\n<p><span style=\"font-family: Verdana, serif;\"><span style=\"font-size: small;\">Es gab eine interessante Ausstellung in unterschiedlichen Dokumentationen zu sehen, durch die Herr Stephan Papadopoulos&nbsp;die Gruppe gekonnt f\u00fchrte und die unterschiedlichen Arten von Protest erl\u00e4uterte. <\/span><\/span><\/p>\n<p><span style=\"font-family: Verdana, serif;\">Die Teilnehmerinnen und Teilnehmer erfuhren \u00fcber vergangene und aktuelle Protestbewegungen\u2013 global und regional, vom Bauernkrieg \u00fcber die Friedensbewegung bis zum Klimastreik. Historische und aktuelle Fotos und Filme sowie Interviews mit Aktivisten und Aktivistinnen zeigen, welche Erfahrungen von Ungerechtigkeit, Nicht-geh\u00f6rt-werden und Entbehrung dazu f\u00fchren, dass Menschen sich vernetzen und Widerstand leisten.<\/span><\/p>\n<p><span style=\"font-family: Verdana, serif;\"><b>\u00c4ltestes und historisches Beispiel f\u00fcr die Protestbewegung ist sicher der <\/b><\/span><span style=\"font-family: Verdana, serif;\">500 Jahre zur\u00fcckliegende Bauernkrieg.<\/span><\/p>\n<p><span style=\"font-family: Verdana, serif;\">Bereits 1524\/25 rangen die Menschen im S\u00fcdwesten um eine bessere Zukunft: Im sogenannten \u201eBauernkrieg\u201c protestierten sie gegen Leibeigenschaft und religi\u00f6se Unfreiheit. Diese erste Massenbewegung der Geschichte ist in die Dramaturgie von \u201ePROTEST!\u201c verflochten und offenbart Gemeinsamkeiten und Unterschiede zu den Bewegungen der Gegenwart.<\/span><\/p>\n<p><span style=\"font-family: Verdana, serif;\"><span style=\"font-size: small;\">Nach dem Ausstellungsbesuch gab es eine gem\u00fctliche Kaffeerunde in der Alten Kanzlei, wo sich alle rege \u00fcber das Geh\u00f6rte und Gesehene ausgetauscht haben. <\/span><\/span><\/p>\n<p><span style=\"font-family: Verdana, serif;\"><span style=\"font-size: small;\">F\u00fcr den Heimatgeschichtsverein Ehningen<\/span><\/span><\/p>\n<p><span style=\"font-family: Verdana, serif;\"><span style=\"font-size: small;\">Jutta Schie\u00dfler<\/span><\/span><\/p>\n<p>&nbsp;<\/p>\n<p><a href=\"https:\/\/www.hgv-ehningen.de\/wp-content\/uploads\/2025\/06\/Erlaeuterungen-durch-Herrn-Papadopoulos-scaled.jpg\"><img loading=\"lazy\" decoding=\"async\" class=\" wp-image-654 aligncenter\" src=\"https:\/\/www.hgv-ehningen.de\/wp-content\/uploads\/2025\/06\/Erlaeuterungen-durch-Herrn-Papadopoulos-300x200.jpg\" alt=\"\" width=\"393\" height=\"262\" srcset=\"https:\/\/www.hgv-ehningen.de\/wp-content\/uploads\/2025\/06\/Erlaeuterungen-durch-Herrn-Papadopoulos-300x200.jpg 300w, https:\/\/www.hgv-ehningen.de\/wp-content\/uploads\/2025\/06\/Erlaeuterungen-durch-Herrn-Papadopoulos-1024x683.jpg 1024w, https:\/\/www.hgv-ehningen.de\/wp-content\/uploads\/2025\/06\/Erlaeuterungen-durch-Herrn-Papadopoulos-768x512.jpg 768w, https:\/\/www.hgv-ehningen.de\/wp-content\/uploads\/2025\/06\/Erlaeuterungen-durch-Herrn-Papadopoulos-1536x1024.jpg 1536w, https:\/\/www.hgv-ehningen.de\/wp-content\/uploads\/2025\/06\/Erlaeuterungen-durch-Herrn-Papadopoulos-2048x1366.jpg 2048w, https:\/\/www.hgv-ehningen.de\/wp-content\/uploads\/2025\/06\/Erlaeuterungen-durch-Herrn-Papadopoulos-225x150.jpg 225w, https:\/\/www.hgv-ehningen.de\/wp-content\/uploads\/2025\/06\/Erlaeuterungen-durch-Herrn-Papadopoulos-150x100.jpg 150w\" sizes=\"auto, (max-width: 393px) 100vw, 393px\" \/><\/a><\/p>\n<p>&nbsp; &nbsp; &nbsp; &nbsp; &nbsp; &nbsp; &nbsp; &nbsp; &nbsp; &nbsp; &nbsp; &nbsp; &nbsp; &nbsp; &nbsp; &nbsp; &nbsp; &nbsp; &nbsp; &nbsp; &nbsp; &nbsp; &nbsp; &nbsp; &nbsp;Erl\u00e4uterungen durch Herrn Papadopoulos<\/p>\n<p>&nbsp;<\/p>\n<p><a href=\"https:\/\/www.hgv-ehningen.de\/wp-content\/uploads\/2025\/06\/Teilnehmende-am-Ausflug-scaled.jpg\"><img loading=\"lazy\" decoding=\"async\" class=\" wp-image-655 aligncenter\" src=\"https:\/\/www.hgv-ehningen.de\/wp-content\/uploads\/2025\/06\/Teilnehmende-am-Ausflug-300x210.jpg\" alt=\"\" width=\"384\" height=\"269\" srcset=\"https:\/\/www.hgv-ehningen.de\/wp-content\/uploads\/2025\/06\/Teilnehmende-am-Ausflug-300x210.jpg 300w, https:\/\/www.hgv-ehningen.de\/wp-content\/uploads\/2025\/06\/Teilnehmende-am-Ausflug-1024x716.jpg 1024w, https:\/\/www.hgv-ehningen.de\/wp-content\/uploads\/2025\/06\/Teilnehmende-am-Ausflug-768x537.jpg 768w, https:\/\/www.hgv-ehningen.de\/wp-content\/uploads\/2025\/06\/Teilnehmende-am-Ausflug-1536x1074.jpg 1536w, https:\/\/www.hgv-ehningen.de\/wp-content\/uploads\/2025\/06\/Teilnehmende-am-Ausflug-2048x1432.jpg 2048w, https:\/\/www.hgv-ehningen.de\/wp-content\/uploads\/2025\/06\/Teilnehmende-am-Ausflug-215x150.jpg 215w, https:\/\/www.hgv-ehningen.de\/wp-content\/uploads\/2025\/06\/Teilnehmende-am-Ausflug-150x105.jpg 150w\" sizes=\"auto, (max-width: 384px) 100vw, 384px\" \/><\/a><\/p>\n<p>&nbsp; &nbsp; &nbsp; &nbsp; &nbsp; &nbsp; &nbsp; &nbsp; &nbsp; &nbsp; &nbsp; &nbsp; &nbsp; &nbsp; &nbsp; &nbsp; &nbsp; &nbsp; &nbsp; &nbsp; &nbsp; &nbsp; &nbsp; &nbsp; &nbsp; Teilnehmer am Ausflug&nbsp; &nbsp;<\/p>\n<p>&nbsp;<\/p>\n<p>&nbsp;<\/p>\n","protected":false},"excerpt":{"rendered":"<p>Ehninger Heimatgeschichtsverein zu Besuch bei der Erlebnisausstellung Protest! 20 interessierte Ehningerinnen und Ehninger sind der Einladung des Heimatgeschichtsvereins, zum Besuch der Erlebnisausstellung \u201ePROTEST! Von der Wut zur Bewegung\u201c im Landesmuseum Stuttgart gefolgt. Es gab eine interessante Ausstellung in unterschiedlichen Dokumentationen zu sehen, durch die Herr Stephan Papadopoulos&nbsp;die Gruppe gekonnt f\u00fchrte\u2026 <a class=\"continue-reading-link\" href=\"https:\/\/www.hgv-ehningen.de\/?p=647\">Continue reading<\/a><\/p>\n","protected":false},"author":1,"featured_media":0,"comment_status":"closed","ping_status":"closed","sticky":false,"template":"","format":"standard","meta":{"footnotes":""},"categories":[16],"tags":[],"class_list":["post-647","post","type-post","status-publish","format-standard","hentry","category-veranstaltungen-ausfluege"],"_links":{"self":[{"href":"https:\/\/www.hgv-ehningen.de\/index.php?rest_route=\/wp\/v2\/posts\/647","targetHints":{"allow":["GET"]}}],"collection":[{"href":"https:\/\/www.hgv-ehningen.de\/index.php?rest_route=\/wp\/v2\/posts"}],"about":[{"href":"https:\/\/www.hgv-ehningen.de\/index.php?rest_route=\/wp\/v2\/types\/post"}],"author":[{"embeddable":true,"href":"https:\/\/www.hgv-ehningen.de\/index.php?rest_route=\/wp\/v2\/users\/1"}],"replies":[{"embeddable":true,"href":"https:\/\/www.hgv-ehningen.de\/index.php?rest_route=%2Fwp%2Fv2%2Fcomments&post=647"}],"version-history":[{"count":4,"href":"https:\/\/www.hgv-ehningen.de\/index.php?rest_route=\/wp\/v2\/posts\/647\/revisions"}],"predecessor-version":[{"id":658,"href":"https:\/\/www.hgv-ehningen.de\/index.php?rest_route=\/wp\/v2\/posts\/647\/revisions\/658"}],"wp:attachment":[{"href":"https:\/\/www.hgv-ehningen.de\/index.php?rest_route=%2Fwp%2Fv2%2Fmedia&parent=647"}],"wp:term":[{"taxonomy":"category","embeddable":true,"href":"https:\/\/www.hgv-ehningen.de\/index.php?rest_route=%2Fwp%2Fv2%2Fcategories&post=647"},{"taxonomy":"post_tag","embeddable":true,"href":"https:\/\/www.hgv-ehningen.de\/index.php?rest_route=%2Fwp%2Fv2%2Ftags&post=647"}],"curies":[{"name":"wp","href":"https:\/\/api.w.org\/{rel}","templated":true}]}}