{"id":622,"date":"2025-04-11T10:41:55","date_gmt":"2025-04-11T08:41:55","guid":{"rendered":"https:\/\/www.hgv-ehningen.de\/?p=622"},"modified":"2025-04-11T10:41:55","modified_gmt":"2025-04-11T08:41:55","slug":"622","status":"publish","type":"post","link":"https:\/\/www.hgv-ehningen.de\/?p=622","title":{"rendered":""},"content":{"rendered":"<p><u><b>Interessanter Veranstaltungshinweis zu 500 Jahre Bauernkrieg<\/b><\/u><\/p>\n<p>Vernissage \u201e500 Jahre Bauernkrieg \u2013 Ein Ereignis und seine Gesichter\u201c<\/p>\n<p>&nbsp;<\/p>\n<p>Zur Vernissage&nbsp;<i>500 Jahre Bauernkrieg &#8211; Ein Ereignis und seine Gesichter<\/i>&nbsp;<b>am Samstag, 12. April um 15 Uhr, in der Zehntscheuer B\u00f6blingen<\/b> l\u00e4dt das Bauernkriegsmuseum ein.<\/p>\n<p>N\u00e4here Einzelheiten finden Sie unter bauernkriegsmuseum.boeblingen.de<\/p>\n<p>Die Ausstellungsdauer ist von <b>Samstag, 12.04.2025 bis Sonntag, 11.01.2026<\/b> geplant.<\/p>\n<p>F\u00fcr den Heimatgeschichtsverein<\/p>\n<p>Jutta Schie\u00dfler<\/p>\n","protected":false},"excerpt":{"rendered":"<p>Interessanter Veranstaltungshinweis zu 500 Jahre Bauernkrieg Vernissage \u201e500 Jahre Bauernkrieg \u2013 Ein Ereignis und seine Gesichter\u201c &nbsp; Zur Vernissage&nbsp;500 Jahre Bauernkrieg &#8211; Ein Ereignis und seine Gesichter&nbsp;am Samstag, 12. April um 15 Uhr, in der Zehntscheuer B\u00f6blingen l\u00e4dt das Bauernkriegsmuseum ein. N\u00e4here Einzelheiten finden Sie unter bauernkriegsmuseum.boeblingen.de Die Ausstellungsdauer ist\u2026 <a class=\"continue-reading-link\" href=\"https:\/\/www.hgv-ehningen.de\/?p=622\">Continue reading<\/a><\/p>\n","protected":false},"author":1,"featured_media":0,"comment_status":"closed","ping_status":"closed","sticky":false,"template":"","format":"standard","meta":{"footnotes":""},"categories":[19],"tags":[],"class_list":["post-622","post","type-post","status-publish","format-standard","hentry","category-infos-tipps"],"_links":{"self":[{"href":"https:\/\/www.hgv-ehningen.de\/index.php?rest_route=\/wp\/v2\/posts\/622","targetHints":{"allow":["GET"]}}],"collection":[{"href":"https:\/\/www.hgv-ehningen.de\/index.php?rest_route=\/wp\/v2\/posts"}],"about":[{"href":"https:\/\/www.hgv-ehningen.de\/index.php?rest_route=\/wp\/v2\/types\/post"}],"author":[{"embeddable":true,"href":"https:\/\/www.hgv-ehningen.de\/index.php?rest_route=\/wp\/v2\/users\/1"}],"replies":[{"embeddable":true,"href":"https:\/\/www.hgv-ehningen.de\/index.php?rest_route=%2Fwp%2Fv2%2Fcomments&post=622"}],"version-history":[{"count":1,"href":"https:\/\/www.hgv-ehningen.de\/index.php?rest_route=\/wp\/v2\/posts\/622\/revisions"}],"predecessor-version":[{"id":623,"href":"https:\/\/www.hgv-ehningen.de\/index.php?rest_route=\/wp\/v2\/posts\/622\/revisions\/623"}],"wp:attachment":[{"href":"https:\/\/www.hgv-ehningen.de\/index.php?rest_route=%2Fwp%2Fv2%2Fmedia&parent=622"}],"wp:term":[{"taxonomy":"category","embeddable":true,"href":"https:\/\/www.hgv-ehningen.de\/index.php?rest_route=%2Fwp%2Fv2%2Fcategories&post=622"},{"taxonomy":"post_tag","embeddable":true,"href":"https:\/\/www.hgv-ehningen.de\/index.php?rest_route=%2Fwp%2Fv2%2Ftags&post=622"}],"curies":[{"name":"wp","href":"https:\/\/api.w.org\/{rel}","templated":true}]}}