{"id":608,"date":"2025-03-12T14:32:01","date_gmt":"2025-03-12T13:32:01","guid":{"rendered":"https:\/\/www.hgv-ehningen.de\/?p=608"},"modified":"2026-04-06T19:41:04","modified_gmt":"2026-04-06T17:41:04","slug":"veranstaltungen-im-landkreis-boeblingen-anlaesslich-des-500-jahrestages-des-bauernkrieges","status":"publish","type":"post","link":"https:\/\/www.hgv-ehningen.de\/?p=608","title":{"rendered":"Veranstaltungen im Landkreis B\u00f6blingen anl\u00e4sslich des 500. Jahrestages des Bauernkrieges"},"content":{"rendered":"\n<p>Anl\u00e4sslich des 500. Jahrestages des Bauernkrieges bietet der Landkreis B\u00f6blingen viele interessante Veranstaltungen an.<\/p>\n\n\n\n<p>Bitte entnehmen Sie die jeweiligen Termine dem beigef\u00fcgten Veranstaltungskalender.<\/p>\n\n\n\n<p><a href=\"https:\/\/www.hgv-ehningen.de\/wp-content\/uploads\/2025\/03\/Flyer-Landkreis-Boeblingen-500-Jahre-Bauernkrieg.pdf\" target=\"_blank\" rel=\"noreferrer noopener\">Flyer Landkreis B\u00f6blingen &#8211; 500 Jahre Bauernkrieg<\/a><\/p>\n","protected":false},"excerpt":{"rendered":"<p>Anl\u00e4sslich des 500. Jahrestages des Bauernkrieges bietet der Landkreis B\u00f6blingen viele interessante Veranstaltungen an. Bitte entnehmen Sie die jeweiligen Termine dem beigef\u00fcgten Veranstaltungskalender. Flyer Landkreis B\u00f6blingen &#8211; 500 Jahre Bauernkrieg <a class=\"continue-reading-link\" href=\"https:\/\/www.hgv-ehningen.de\/?p=608\">Continue reading<\/a><\/p>\n","protected":false},"author":1,"featured_media":0,"comment_status":"closed","ping_status":"closed","sticky":false,"template":"","format":"standard","meta":{"footnotes":""},"categories":[19],"tags":[],"class_list":["post-608","post","type-post","status-publish","format-standard","hentry","category-infos-tipps"],"_links":{"self":[{"href":"https:\/\/www.hgv-ehningen.de\/index.php?rest_route=\/wp\/v2\/posts\/608","targetHints":{"allow":["GET"]}}],"collection":[{"href":"https:\/\/www.hgv-ehningen.de\/index.php?rest_route=\/wp\/v2\/posts"}],"about":[{"href":"https:\/\/www.hgv-ehningen.de\/index.php?rest_route=\/wp\/v2\/types\/post"}],"author":[{"embeddable":true,"href":"https:\/\/www.hgv-ehningen.de\/index.php?rest_route=\/wp\/v2\/users\/1"}],"replies":[{"embeddable":true,"href":"https:\/\/www.hgv-ehningen.de\/index.php?rest_route=%2Fwp%2Fv2%2Fcomments&post=608"}],"version-history":[{"count":3,"href":"https:\/\/www.hgv-ehningen.de\/index.php?rest_route=\/wp\/v2\/posts\/608\/revisions"}],"predecessor-version":[{"id":802,"href":"https:\/\/www.hgv-ehningen.de\/index.php?rest_route=\/wp\/v2\/posts\/608\/revisions\/802"}],"wp:attachment":[{"href":"https:\/\/www.hgv-ehningen.de\/index.php?rest_route=%2Fwp%2Fv2%2Fmedia&parent=608"}],"wp:term":[{"taxonomy":"category","embeddable":true,"href":"https:\/\/www.hgv-ehningen.de\/index.php?rest_route=%2Fwp%2Fv2%2Fcategories&post=608"},{"taxonomy":"post_tag","embeddable":true,"href":"https:\/\/www.hgv-ehningen.de\/index.php?rest_route=%2Fwp%2Fv2%2Ftags&post=608"}],"curies":[{"name":"wp","href":"https:\/\/api.w.org\/{rel}","templated":true}]}}