{"id":401,"date":"2024-09-10T23:57:51","date_gmt":"2024-09-10T21:57:51","guid":{"rendered":"https:\/\/www.hgv-ehningen.de\/?p=401"},"modified":"2025-02-12T03:33:46","modified_gmt":"2025-02-12T02:33:46","slug":"einladung-zur-jahreshauptversammlung-am-27-09-2024","status":"publish","type":"post","link":"https:\/\/www.hgv-ehningen.de\/?p=401","title":{"rendered":"Einladung zur Jahreshauptversammlung 2024"},"content":{"rendered":"<p>Die Jahreshauptversammlung des Heimatgeschichtsvereins findet<br \/>\nam Freitag, 27.09.2024, um 19:30 Uhr in der G\u00e4sslesstube im Haus am Pfarrgarten statt.<br \/>\nHierzu laden wir alle Mitglieder, Ehrenmitglieder, Freunde, F\u00f6rderer und heimatgeschichtlich Interessierte herzlich ein.<\/p>\n<p>Tagesordnung f\u00fcr die Hauptversammlung:<br \/>\n1. Begr\u00fc\u00dfung<br \/>\n2. Berichte<br \/>\n2. Vorsitzende<br \/>\nKassier<br \/>\nKassenpr\u00fcfer<br \/>\n3. Entlastungen<br \/>\n4. Ausblick und Planung 2024\/2025<br \/>\n5. Verschiedenes<br \/>\nAntr\u00e4ge zur Tagesordnung k\u00f6nnen bis sp\u00e4testens 26.09.2024 bei der 2. Vorsitzenden schriftlich eingereicht werden.<\/p>\n<p>F\u00fcr den Heimatgeschichtsverein Ehningen<\/p>\n<p>Jutta Schie\u00dfler, 2. Vorsitzende<\/p>\n","protected":false},"excerpt":{"rendered":"<p>Die Jahreshauptversammlung des Heimatgeschichtsvereins findet am Freitag, 27.09.2024, um 19:30 Uhr in der G\u00e4sslesstube im Haus am Pfarrgarten statt. Hierzu laden wir alle Mitglieder, Ehrenmitglieder, Freunde, F\u00f6rderer und heimatgeschichtlich Interessierte herzlich ein. Tagesordnung f\u00fcr die Hauptversammlung: 1. Begr\u00fc\u00dfung 2. Berichte 2. Vorsitzende Kassier Kassenpr\u00fcfer 3. Entlastungen 4. Ausblick und Planung\u2026 <a class=\"continue-reading-link\" href=\"https:\/\/www.hgv-ehningen.de\/?p=401\">Continue reading<\/a><\/p>\n","protected":false},"author":1,"featured_media":0,"comment_status":"closed","ping_status":"closed","sticky":false,"template":"","format":"standard","meta":{"footnotes":""},"categories":[14],"tags":[],"class_list":["post-401","post","type-post","status-publish","format-standard","hentry","category-mitgliederversammlungen"],"_links":{"self":[{"href":"https:\/\/www.hgv-ehningen.de\/index.php?rest_route=\/wp\/v2\/posts\/401","targetHints":{"allow":["GET"]}}],"collection":[{"href":"https:\/\/www.hgv-ehningen.de\/index.php?rest_route=\/wp\/v2\/posts"}],"about":[{"href":"https:\/\/www.hgv-ehningen.de\/index.php?rest_route=\/wp\/v2\/types\/post"}],"author":[{"embeddable":true,"href":"https:\/\/www.hgv-ehningen.de\/index.php?rest_route=\/wp\/v2\/users\/1"}],"replies":[{"embeddable":true,"href":"https:\/\/www.hgv-ehningen.de\/index.php?rest_route=%2Fwp%2Fv2%2Fcomments&post=401"}],"version-history":[{"count":3,"href":"https:\/\/www.hgv-ehningen.de\/index.php?rest_route=\/wp\/v2\/posts\/401\/revisions"}],"predecessor-version":[{"id":407,"href":"https:\/\/www.hgv-ehningen.de\/index.php?rest_route=\/wp\/v2\/posts\/401\/revisions\/407"}],"wp:attachment":[{"href":"https:\/\/www.hgv-ehningen.de\/index.php?rest_route=%2Fwp%2Fv2%2Fmedia&parent=401"}],"wp:term":[{"taxonomy":"category","embeddable":true,"href":"https:\/\/www.hgv-ehningen.de\/index.php?rest_route=%2Fwp%2Fv2%2Fcategories&post=401"},{"taxonomy":"post_tag","embeddable":true,"href":"https:\/\/www.hgv-ehningen.de\/index.php?rest_route=%2Fwp%2Fv2%2Ftags&post=401"}],"curies":[{"name":"wp","href":"https:\/\/api.w.org\/{rel}","templated":true}]}}