{"id":371,"date":"2023-12-01T00:55:11","date_gmt":"2023-11-30T23:55:11","guid":{"rendered":"https:\/\/www.hgv-ehningen.de\/?p=371"},"modified":"2025-10-17T08:49:53","modified_gmt":"2025-10-17T06:49:53","slug":"neues-team-des-heimatgeschichtsverein","status":"publish","type":"post","link":"https:\/\/www.hgv-ehningen.de\/?p=371","title":{"rendered":"Das Team des Heimatgeschichtsvereins"},"content":{"rendered":"\n<figure class=\"wp-block-image size-large\"><a href=\"https:\/\/www.hgv-ehningen.de\/wp-content\/uploads\/2025\/09\/4-Der-neu-gewaehlte-Vorstand-des-Heimatgeschichtsvereins-es-fehlt-Martin-Frenzel-scaled.jpg\"><img loading=\"lazy\" decoding=\"async\" width=\"1024\" height=\"565\" src=\"https:\/\/www.hgv-ehningen.de\/wp-content\/uploads\/2025\/09\/4-Der-neu-gewaehlte-Vorstand-des-Heimatgeschichtsvereins-es-fehlt-Martin-Frenzel-1024x565.jpg\" alt=\"\" class=\"wp-image-737\" srcset=\"https:\/\/www.hgv-ehningen.de\/wp-content\/uploads\/2025\/09\/4-Der-neu-gewaehlte-Vorstand-des-Heimatgeschichtsvereins-es-fehlt-Martin-Frenzel-1024x565.jpg 1024w, https:\/\/www.hgv-ehningen.de\/wp-content\/uploads\/2025\/09\/4-Der-neu-gewaehlte-Vorstand-des-Heimatgeschichtsvereins-es-fehlt-Martin-Frenzel-300x166.jpg 300w, https:\/\/www.hgv-ehningen.de\/wp-content\/uploads\/2025\/09\/4-Der-neu-gewaehlte-Vorstand-des-Heimatgeschichtsvereins-es-fehlt-Martin-Frenzel-768x424.jpg 768w, https:\/\/www.hgv-ehningen.de\/wp-content\/uploads\/2025\/09\/4-Der-neu-gewaehlte-Vorstand-des-Heimatgeschichtsvereins-es-fehlt-Martin-Frenzel-1536x848.jpg 1536w, https:\/\/www.hgv-ehningen.de\/wp-content\/uploads\/2025\/09\/4-Der-neu-gewaehlte-Vorstand-des-Heimatgeschichtsvereins-es-fehlt-Martin-Frenzel-2048x1131.jpg 2048w, https:\/\/www.hgv-ehningen.de\/wp-content\/uploads\/2025\/09\/4-Der-neu-gewaehlte-Vorstand-des-Heimatgeschichtsvereins-es-fehlt-Martin-Frenzel-250x138.jpg 250w, https:\/\/www.hgv-ehningen.de\/wp-content\/uploads\/2025\/09\/4-Der-neu-gewaehlte-Vorstand-des-Heimatgeschichtsvereins-es-fehlt-Martin-Frenzel-150x83.jpg 150w\" sizes=\"auto, (max-width: 1024px) 100vw, 1024px\" \/><\/a><\/figure>\n\n\n\n<p><\/p>\n\n\n\n<p>Bei der Jahreshauptversammlung am 12. September 2025 wurde eine neue Vereinsleitung gew\u00e4hlt. <\/p>\n\n\n\n<p>Das sind (auf dem Bild von links nach rechts):<\/p>\n\n\n\n<figure class=\"wp-block-table\"><table class=\"has-fixed-layout\"><tbody><tr><td>Karl-Heinz Barth<\/td><td>Schriftf\u00fchrer &#8211; wie bisher<\/td><\/tr><tr><td>Heinz M\u00fcller\u00a0<\/td><td>Beisitzer &#8211; wie bisher<\/td><\/tr><tr><td>Jutta Schie\u00dfler<\/td><td>1. Vorsitzende &#8211; neu<\/td><\/tr><tr><td>Martina Widmann-Leuprecht<\/td><td>Kassiererin &#8211; wie bisher<\/td><\/tr><tr><td>J\u00fcrgen Kilb<\/td><td>Beisitzer &#8211; wie bisher<\/td><\/tr><tr><td>Rudolf Widmann<\/td><td>Kassenpr\u00fcfer &#8211; wie bisher<\/td><\/tr><tr><td>Friedrich Kempf<\/td><td>Kassenpr\u00fcfer &#8211; wie bisher<\/td><\/tr><tr><td>Martin Frenzel (nicht auf dem Bild)<\/td><td>Internetbeauftragter &#8211; neu<\/td><\/tr><\/tbody><\/table><\/figure>\n\n\n\n<p><\/p>\n","protected":false},"excerpt":{"rendered":"<p>Bei der Jahreshauptversammlung am 12. September 2025 wurde eine neue Vereinsleitung gew\u00e4hlt. Das sind (auf dem Bild von links nach rechts): Karl-Heinz Barth Schriftf\u00fchrer &#8211; wie bisher Heinz M\u00fcller\u00a0 Beisitzer &#8211; wie bisher Jutta Schie\u00dfler 1. Vorsitzende &#8211; neu Martina Widmann-Leuprecht Kassiererin &#8211; wie bisher J\u00fcrgen Kilb Beisitzer &#8211; wie\u2026 <a class=\"continue-reading-link\" href=\"https:\/\/www.hgv-ehningen.de\/?p=371\">Continue reading<\/a><\/p>\n","protected":false},"author":1,"featured_media":0,"comment_status":"closed","ping_status":"closed","sticky":false,"template":"","format":"standard","meta":{"footnotes":""},"categories":[8],"tags":[],"class_list":["post-371","post","type-post","status-publish","format-standard","hentry","category-vereinsinformationen"],"_links":{"self":[{"href":"https:\/\/www.hgv-ehningen.de\/index.php?rest_route=\/wp\/v2\/posts\/371","targetHints":{"allow":["GET"]}}],"collection":[{"href":"https:\/\/www.hgv-ehningen.de\/index.php?rest_route=\/wp\/v2\/posts"}],"about":[{"href":"https:\/\/www.hgv-ehningen.de\/index.php?rest_route=\/wp\/v2\/types\/post"}],"author":[{"embeddable":true,"href":"https:\/\/www.hgv-ehningen.de\/index.php?rest_route=\/wp\/v2\/users\/1"}],"replies":[{"embeddable":true,"href":"https:\/\/www.hgv-ehningen.de\/index.php?rest_route=%2Fwp%2Fv2%2Fcomments&post=371"}],"version-history":[{"count":13,"href":"https:\/\/www.hgv-ehningen.de\/index.php?rest_route=\/wp\/v2\/posts\/371\/revisions"}],"predecessor-version":[{"id":745,"href":"https:\/\/www.hgv-ehningen.de\/index.php?rest_route=\/wp\/v2\/posts\/371\/revisions\/745"}],"wp:attachment":[{"href":"https:\/\/www.hgv-ehningen.de\/index.php?rest_route=%2Fwp%2Fv2%2Fmedia&parent=371"}],"wp:term":[{"taxonomy":"category","embeddable":true,"href":"https:\/\/www.hgv-ehningen.de\/index.php?rest_route=%2Fwp%2Fv2%2Fcategories&post=371"},{"taxonomy":"post_tag","embeddable":true,"href":"https:\/\/www.hgv-ehningen.de\/index.php?rest_route=%2Fwp%2Fv2%2Ftags&post=371"}],"curies":[{"name":"wp","href":"https:\/\/api.w.org\/{rel}","templated":true}]}}