{"id":287,"date":"2022-12-06T01:11:08","date_gmt":"2022-12-06T00:11:08","guid":{"rendered":"https:\/\/www.hgv-ehningen.de\/?p=287"},"modified":"2025-02-12T02:31:27","modified_gmt":"2025-02-12T01:31:27","slug":"jahreshauptversammlung-2022","status":"publish","type":"post","link":"https:\/\/www.hgv-ehningen.de\/?p=287","title":{"rendered":"Jahreshauptversammlung 2022"},"content":{"rendered":"<p>Zu unserer Jahreshauptversammlung am<br \/>\n<strong>Freitag, 09. Dezember 2022,<\/strong><br \/>\n<strong>um 19.30 Uhr in der G\u00e4sslesstube<\/strong><br \/>\nladen wir sehr herzlich ein.<\/p>\n<p><strong>Tagesordnung:<\/strong><\/p>\n<p>1. Begr\u00fc\u00dfung<br \/>\n2. Berichte des Kassiers und der Kassenpr\u00fcfer<br \/>\n3. Bericht des Vorsitzenden<br \/>\n4. Entlastungen<br \/>\n5. Ausblick und Planung 2022\/2023<br \/>\n6. Verschiedenes<\/p>\n<p>Antr\u00e4ge zur Tagesordnung nimmt bis zum 08.12.2022<br \/>\nder 1. Vorsitzende, Luidger Hoffmann,<br \/>\nTelefon 0163\/3345700, entgegen.<\/p>\n<p>Der Vorstand freut sich auf Ihren Besuch unserer<br \/>\nJahreshauptversammlung.<\/p>\n<p>Luidger Hoffmann, 1. Vorsitzende<\/p>\n","protected":false},"excerpt":{"rendered":"<p>Zu unserer Jahreshauptversammlung am Freitag, 09. Dezember 2022, um 19.30 Uhr in der G\u00e4sslesstube laden wir sehr herzlich ein. Tagesordnung: 1. Begr\u00fc\u00dfung 2. Berichte des Kassiers und der Kassenpr\u00fcfer 3. Bericht des Vorsitzenden 4. Entlastungen 5. Ausblick und Planung 2022\/2023 6. Verschiedenes Antr\u00e4ge zur Tagesordnung nimmt bis zum 08.12.2022 der\u2026 <a class=\"continue-reading-link\" href=\"https:\/\/www.hgv-ehningen.de\/?p=287\">Continue reading<\/a><\/p>\n","protected":false},"author":1,"featured_media":0,"comment_status":"closed","ping_status":"closed","sticky":false,"template":"","format":"standard","meta":{"footnotes":""},"categories":[18],"tags":[],"class_list":["post-287","post","type-post","status-publish","format-standard","hentry","category-archiv-aktuelles"],"_links":{"self":[{"href":"https:\/\/www.hgv-ehningen.de\/index.php?rest_route=\/wp\/v2\/posts\/287","targetHints":{"allow":["GET"]}}],"collection":[{"href":"https:\/\/www.hgv-ehningen.de\/index.php?rest_route=\/wp\/v2\/posts"}],"about":[{"href":"https:\/\/www.hgv-ehningen.de\/index.php?rest_route=\/wp\/v2\/types\/post"}],"author":[{"embeddable":true,"href":"https:\/\/www.hgv-ehningen.de\/index.php?rest_route=\/wp\/v2\/users\/1"}],"replies":[{"embeddable":true,"href":"https:\/\/www.hgv-ehningen.de\/index.php?rest_route=%2Fwp%2Fv2%2Fcomments&post=287"}],"version-history":[{"count":2,"href":"https:\/\/www.hgv-ehningen.de\/index.php?rest_route=\/wp\/v2\/posts\/287\/revisions"}],"predecessor-version":[{"id":289,"href":"https:\/\/www.hgv-ehningen.de\/index.php?rest_route=\/wp\/v2\/posts\/287\/revisions\/289"}],"wp:attachment":[{"href":"https:\/\/www.hgv-ehningen.de\/index.php?rest_route=%2Fwp%2Fv2%2Fmedia&parent=287"}],"wp:term":[{"taxonomy":"category","embeddable":true,"href":"https:\/\/www.hgv-ehningen.de\/index.php?rest_route=%2Fwp%2Fv2%2Fcategories&post=287"},{"taxonomy":"post_tag","embeddable":true,"href":"https:\/\/www.hgv-ehningen.de\/index.php?rest_route=%2Fwp%2Fv2%2Ftags&post=287"}],"curies":[{"name":"wp","href":"https:\/\/api.w.org\/{rel}","templated":true}]}}