{"id":278,"date":"2022-03-12T21:34:47","date_gmt":"2022-03-12T20:34:47","guid":{"rendered":"https:\/\/www.hgv-ehningen.de\/?p=278"},"modified":"2025-02-19T00:29:16","modified_gmt":"2025-02-18T23:29:16","slug":"besuch-der-ausstellung-ueber-koenig-willhelm-ii-von-wuerrtemberg","status":"publish","type":"post","link":"https:\/\/www.hgv-ehningen.de\/?p=278","title":{"rendered":"Besuch Ausstellung \u00fcber K\u00f6nig Willhelm II.   von W\u00fcrttemberg"},"content":{"rendered":"<p>Am letzten Sonntag im Januar besuchte eine Gruppe des Heimatgeschichtsvereins die Ausstellung \u00fcber Wilhelm II. im Stadtpalais in Stuttgart.<br \/>\nAnl\u00e4sslich des 100. Todestages von Wilhelm II. im Oktober 21 widmet ihm das Stadtpalais eine Ausstellung, in welcher neue und interessante Einblicke \u00fcber den letzten Monarchen Baden-W\u00fcrttembergs zu erfahren sind.<br \/>\nDie kurzweilige und interessante F\u00fchrung begann im Hauptstaatsarchiv.<br \/>\nDer Gruppe wurde Wilhelm II. hier vor allem als Privatmensch n\u00e4hergebracht. Ein Schwerpunkt ist die Beziehung zu seinen Freunden, welche in pers\u00f6nlichen Briefen und Sammlungsgegenst\u00e4nden eindrucksvoll dokumentiert ist.<br \/>\nAnschlie\u00dfend wurden im Stadtpalais die pr\u00e4gendsten Stationen im Leben Wilhelms II. von der Geburt bis zum Tod dargestellt und erl\u00e4utert, beginnend mit der Kindheit im Prinzenpalais, der anschlie\u00dfenden Studienzeit in T\u00fcbingen und G\u00f6ttingen, seiner Karriere beim Milit\u00e4r, die anschlie\u00dfende Regierungszeit als K\u00f6nig von W\u00fcrttemberg und nach dem Ende der Monarchie im Jahr 1918 als \u201eeinfacher\u201c Herzog.<br \/>\nDen Besucherinnen und Besuchern er\u00f6ffnen sich v\u00f6llig neue Sichtweisen auf Wilhelm II. und abschlie\u00dfend bleibt festzustellen, dass er f\u00fcr die damalige Zeit ein sehr fortschrittlicher Monarch war.<br \/>\nDie Ausstellung ist noch bis Ende M\u00e4rz zu sehen und ein Besuch ist sehr zu empfehlen.<\/p>\n<p>F\u00fcr den Heimatgeschichtsverein Ehningen<br \/>\nJutta Schie\u00dfler (2. Vorsitzende)<\/p>\n","protected":false},"excerpt":{"rendered":"<p>Am letzten Sonntag im Januar besuchte eine Gruppe des Heimatgeschichtsvereins die Ausstellung \u00fcber Wilhelm II. im Stadtpalais in Stuttgart. Anl\u00e4sslich des 100. Todestages von Wilhelm II. im Oktober 21 widmet ihm das Stadtpalais eine Ausstellung, in welcher neue und interessante Einblicke \u00fcber den letzten Monarchen Baden-W\u00fcrttembergs zu erfahren sind. Die\u2026 <a class=\"continue-reading-link\" href=\"https:\/\/www.hgv-ehningen.de\/?p=278\">Continue reading<\/a><\/p>\n","protected":false},"author":1,"featured_media":0,"comment_status":"closed","ping_status":"closed","sticky":false,"template":"","format":"standard","meta":{"footnotes":""},"categories":[18],"tags":[],"class_list":["post-278","post","type-post","status-publish","format-standard","hentry","category-archiv-aktuelles"],"_links":{"self":[{"href":"https:\/\/www.hgv-ehningen.de\/index.php?rest_route=\/wp\/v2\/posts\/278","targetHints":{"allow":["GET"]}}],"collection":[{"href":"https:\/\/www.hgv-ehningen.de\/index.php?rest_route=\/wp\/v2\/posts"}],"about":[{"href":"https:\/\/www.hgv-ehningen.de\/index.php?rest_route=\/wp\/v2\/types\/post"}],"author":[{"embeddable":true,"href":"https:\/\/www.hgv-ehningen.de\/index.php?rest_route=\/wp\/v2\/users\/1"}],"replies":[{"embeddable":true,"href":"https:\/\/www.hgv-ehningen.de\/index.php?rest_route=%2Fwp%2Fv2%2Fcomments&post=278"}],"version-history":[{"count":7,"href":"https:\/\/www.hgv-ehningen.de\/index.php?rest_route=\/wp\/v2\/posts\/278\/revisions"}],"predecessor-version":[{"id":292,"href":"https:\/\/www.hgv-ehningen.de\/index.php?rest_route=\/wp\/v2\/posts\/278\/revisions\/292"}],"wp:attachment":[{"href":"https:\/\/www.hgv-ehningen.de\/index.php?rest_route=%2Fwp%2Fv2%2Fmedia&parent=278"}],"wp:term":[{"taxonomy":"category","embeddable":true,"href":"https:\/\/www.hgv-ehningen.de\/index.php?rest_route=%2Fwp%2Fv2%2Fcategories&post=278"},{"taxonomy":"post_tag","embeddable":true,"href":"https:\/\/www.hgv-ehningen.de\/index.php?rest_route=%2Fwp%2Fv2%2Ftags&post=278"}],"curies":[{"name":"wp","href":"https:\/\/api.w.org\/{rel}","templated":true}]}}